{"id":216,"date":"2015-11-08T14:14:12","date_gmt":"2015-11-08T13:14:12","guid":{"rendered":"http:\/\/www.asadlis-amazigh.com\/fr\/?p=216"},"modified":"2017-01-24T16:42:28","modified_gmt":"2017-01-24T15:42:28","slug":"contes-berberes-chaouis-de-laures","status":"publish","type":"post","link":"https:\/\/www.asadlis-amazigh.com\/fr\/contes-berberes-chaouis-de-laures\/","title":{"rendered":"Contes berb\u00e8res chaouis de l&rsquo;Aur\u00e8s"},"content":{"rendered":"<div class=\"vc_row wpb_row vc_row-fluid\"><div class=\"wpb_column vc_column_container vc_col-sm-12\"><div class=\"wpb_wrapper\">\n\t<div class=\"wpb_text_column wpb_content_element \">\n\t\t<div class=\"wpb_wrapper\">\n\t\t\t<p style=\"text-align: center;\">Titre : <strong>Contes berb\u00e8res chaouis de l&rsquo;Aur\u00e8s<\/strong><br \/>\nAuteur : <strong>Gustave Mercier<\/strong><br \/>\nEdition : <strong>University of Leiden<\/strong><br \/>\nAnn\u00e9e :\u00a0<strong>2002<\/strong><\/p>\n\n\t\t<\/div>\n\t<\/div>\n\n\t<div class=\"wpb_text_column wpb_content_element \">\n\t\t<div class=\"wpb_wrapper\">\n\t\t\t<p style=\"text-align: center;\">Si vous appr\u00e9ciez le travail fourni par la biblioth\u00e8que, la qualit\u00e9 des livres propos\u00e9s. Si vous voulez participer \u00e0 son d\u00e9veloppement, \u00e0 payer les frais d&rsquo;h\u00e9bergement et de permettre d&rsquo;acqu\u00e9rir de nouveau livres tr\u00e8s rares, n&rsquo;h\u00e9sitez pas alors, \u00e0 faire un don. La biblioth\u00e8que est faite pour vous. Merci!<\/p>\n<p style=\"text-align: center;\">\n\n<form action=\"https:\/\/www.paypal.com\/cgi-bin\/webscr\" method=\"post\">\n<div class=\"paypal-donations\">\n <input type=\"hidden\" name=\"cmd\" value=\"_donations\" \/>\n <input type=\"hidden\" name=\"bn\" value=\"TipsandTricks_SP\" \/>\n <input type=\"hidden\" name=\"business\" value=\"FSSKYMJDFMTUG\" \/>\n <input type=\"hidden\" name=\"rm\" value=\"0\" \/>\n <input type=\"hidden\" name=\"currency_code\" value=\"EUR\" \/>\n <input type=\"image\" style=\"cursor: pointer;\" src=\"https:\/\/www.paypalobjects.com\/fr_FR\/FR\/i\/btn\/btn_donateCC_LG.gif\" name=\"submit\" alt=\"PayPal - The safer, easier way to pay online.\" \/>\n <img alt=\"\" src=\"https:\/\/www.paypalobjects.com\/en_US\/i\/scr\/pixel.gif\" width=\"1\" height=\"1\" \/>\n <\/div>\n<\/form>\n\n<\/p>\n\n\t\t<\/div>\n\t<\/div>\n<div class=\"ubtn-ctn-center\"><a class=\"ubtn-link ubtn-center ubtn-normal \" href = \"http:\/\/www.asadlis-amazigh.com\/fr\/wp-content\/uploads\/livres\/Contes berberes chaouis de l'Aures.pdf\" target=' _blank' ><button type=\"button\" class=\"ubtn ubtn-normal ubtn-no-hover-bg  none  ubtn-sep-icon ubtn-sep-icon-bottom-push  ubtn-center   tooltip-69f58af761441\"  data-hover=\"\" data-border-color=\"\" data-bg=\"#ffcc00\" data-hover-bg=\"#ffcc00\" data-border-hover=\"\" data-shadow-hover=\"\" data-shadow-click=\"none\" data-shadow=\"\" data-shd-shadow=\"\" style=\"font-weight:bold;font-size:14px;border:none;background: #ffcc00;color: #000000;\"><span class=\"ubtn-data ubtn-icon\"><i class=\"Defaults-cloud-download\" style=\"font-size:32px;color:#000000;\"><\/i><\/span><span class=\"ubtn-hover\"><\/span><span class=\"ubtn-data ubtn-text\">T\u00e9l\u00e9charger<\/span><\/button><\/a><\/div><div class=\"vc_separator wpb_content_element vc_separator_align_center vc_sep_width_100 vc_sep_pos_align_center vc_separator_no_text vc_sep_color_grey\"><span\n\t\tclass=\"vc_sep_holder vc_sep_holder_l\"><span\t\t\tclass=\"vc_sep_line\"><\/span><\/span><span\n\t\tclass=\"vc_sep_holder vc_sep_holder_r\"><span class=\"vc_sep_line\"><\/span><\/span>\n\t<\/div>\n\n\t<div class=\"wpb_text_column wpb_content_element \">\n\t\t<div class=\"wpb_wrapper\">\n\t\t\t<p style=\"text-align: center;\">Aimez et partagez ce livre sur les r\u00e9seaux sociaux<\/p>\n\n\t\t<\/div>\n\t<\/div>\n<\/div><\/div><\/div><div class=\"vc_row wpb_row vc_row-fluid\"><div class=\"wpb_column vc_column_container vc_col-sm-12\"><div class=\"wpb_wrapper\"><\/div><\/div><\/div>\n","protected":false},"excerpt":{"rendered":"Titre : Contes berb\u00e8res chaouis de l'Aur\u00e8s Auteur : Gustave Mercier Edition : University of Leiden Ann\u00e9e :\u00a02002 Si vous appr\u00e9ciez le travail fourni par la biblioth\u00e8que, la qualit\u00e9 des livres propos\u00e9s. Si vous voulez participer \u00e0 son d\u00e9veloppement, \u00e0 payer les frais d'h\u00e9bergement et de permettre d'acqu\u00e9rir de nouveau livres tr\u00e8s rares, n'h\u00e9sitez pas &hellip;","protected":false},"author":3,"featured_media":904,"comment_status":"open","ping_status":"open","sticky":false,"template":"","format":"standard","meta":{"spay_email":""},"categories":[187],"tags":[15,87,141,33],"yoast_head":"\n<title>Contes berb\u00e8res chaouis de l&#039;Aur\u00e8s | Asadlis Amazigh<\/title>\n<meta name=\"description\" content=\"Titre :\u00a0Contes berb\u00e8res chaouis de l&#039;Aur\u00e8s\u00a0Auteur :\u00a0Gustave Mercier\u00a0Edition :\u00a0University of Leiden\u00a0Ann\u00e9e :\u00a02002\" \/>\n<meta name=\"robots\" content=\"index, follow, max-snippet:-1, max-image-preview:large, max-video-preview:-1\" \/>\n<link rel=\"canonical\" href=\"https:\/\/www.asadlis-amazigh.com\/fr\/contes-berberes-chaouis-de-laures\/\" \/>\n<meta property=\"og:locale\" content=\"fr_FR\" \/>\n<meta property=\"og:type\" content=\"article\" \/>\n<meta property=\"og:title\" content=\"Contes berb\u00e8res chaouis de l&#039;Aur\u00e8s | Asadlis Amazigh\" \/>\n<meta property=\"og:description\" content=\"Titre :\u00a0Contes berb\u00e8res chaouis de l&#039;Aur\u00e8s\u00a0Auteur :\u00a0Gustave Mercier\u00a0Edition :\u00a0University of Leiden\u00a0Ann\u00e9e :\u00a02002\" \/>\n<meta property=\"og:url\" content=\"https:\/\/www.asadlis-amazigh.com\/fr\/contes-berberes-chaouis-de-laures\/\" \/>\n<meta property=\"og:site_name\" content=\"Asadlis Amazigh\" \/>\n<meta property=\"article:publisher\" content=\"https:\/\/www.facebook.com\/asadlis.amazigh\" \/>\n<meta property=\"article:published_time\" content=\"2015-11-08T13:14:12+00:00\" \/>\n<meta property=\"article:modified_time\" content=\"2017-01-24T15:42:28+00:00\" \/>\n<meta property=\"og:image\" content=\"https:\/\/i0.wp.com\/www.asadlis-amazigh.com\/fr\/wp-content\/uploads\/2016\/01\/Contes-berb\u00e8res-chaouis-de-lAur\u00e8s.jpg?fit=660%2C330&#038;ssl=1\" \/>\n\t<meta property=\"og:image:width\" content=\"660\" \/>\n\t<meta property=\"og:image:height\" content=\"330\" \/>\n<meta name=\"twitter:card\" content=\"summary\" \/>\n<meta name=\"twitter:creator\" content=\"@AsadlisAmazigh\" \/>\n<meta name=\"twitter:site\" content=\"@AsadlisAmazigh\" \/>\n<meta name=\"twitter:label1\" content=\"\u00c9crit par\" \/>\n\t<meta name=\"twitter:data1\" content=\"Bassem ABDI\" \/>\n\t<meta name=\"twitter:label2\" content=\"Dur\u00e9e de lecture estim\u00e9e\" \/>\n\t<meta name=\"twitter:data2\" content=\"1 minute\" \/>\n<script type=\"application\/ld+json\" class=\"yoast-schema-graph\">{\"@context\":\"https:\/\/schema.org\",\"@graph\":[{\"@type\":\"WebSite\",\"@id\":\"https:\/\/www.asadlis-amazigh.com\/fr\/#website\",\"url\":\"https:\/\/www.asadlis-amazigh.com\/fr\/\",\"name\":\"Asadlis Amazigh\",\"description\":\"La biblioth\\u00e8que amazighe\",\"potentialAction\":[{\"@type\":\"SearchAction\",\"target\":{\"@type\":\"EntryPoint\",\"urlTemplate\":\"https:\/\/www.asadlis-amazigh.com\/fr\/?s={search_term_string}\"},\"query-input\":\"required name=search_term_string\"}],\"inLanguage\":\"fr-FR\"},{\"@type\":\"ImageObject\",\"@id\":\"https:\/\/www.asadlis-amazigh.com\/fr\/contes-berberes-chaouis-de-laures\/#primaryimage\",\"inLanguage\":\"fr-FR\",\"url\":\"https:\/\/i0.wp.com\/www.asadlis-amazigh.com\/fr\/wp-content\/uploads\/2016\/01\/Contes-berb\\u00e8res-chaouis-de-lAur\\u00e8s.jpg?fit=660%2C330&ssl=1\",\"contentUrl\":\"https:\/\/i0.wp.com\/www.asadlis-amazigh.com\/fr\/wp-content\/uploads\/2016\/01\/Contes-berb\\u00e8res-chaouis-de-lAur\\u00e8s.jpg?fit=660%2C330&ssl=1\",\"width\":660,\"height\":330},{\"@type\":\"WebPage\",\"@id\":\"https:\/\/www.asadlis-amazigh.com\/fr\/contes-berberes-chaouis-de-laures\/#webpage\",\"url\":\"https:\/\/www.asadlis-amazigh.com\/fr\/contes-berberes-chaouis-de-laures\/\",\"name\":\"Contes berb\\u00e8res chaouis de l'Aur\\u00e8s | Asadlis Amazigh\",\"isPartOf\":{\"@id\":\"https:\/\/www.asadlis-amazigh.com\/fr\/#website\"},\"primaryImageOfPage\":{\"@id\":\"https:\/\/www.asadlis-amazigh.com\/fr\/contes-berberes-chaouis-de-laures\/#primaryimage\"},\"datePublished\":\"2015-11-08T13:14:12+00:00\",\"dateModified\":\"2017-01-24T15:42:28+00:00\",\"author\":{\"@id\":\"https:\/\/www.asadlis-amazigh.com\/fr\/#\/schema\/person\/d22715fc5d247559be71c5d20ea3bf60\"},\"description\":\"Titre :\\u00a0Contes berb\\u00e8res chaouis de l'Aur\\u00e8s\\u00a0Auteur :\\u00a0Gustave Mercier\\u00a0Edition :\\u00a0University of Leiden\\u00a0Ann\\u00e9e :\\u00a02002\",\"breadcrumb\":{\"@id\":\"https:\/\/www.asadlis-amazigh.com\/fr\/contes-berberes-chaouis-de-laures\/#breadcrumb\"},\"inLanguage\":\"fr-FR\",\"potentialAction\":[{\"@type\":\"ReadAction\",\"target\":[\"https:\/\/www.asadlis-amazigh.com\/fr\/contes-berberes-chaouis-de-laures\/\"]}]},{\"@type\":\"BreadcrumbList\",\"@id\":\"https:\/\/www.asadlis-amazigh.com\/fr\/contes-berberes-chaouis-de-laures\/#breadcrumb\",\"itemListElement\":[{\"@type\":\"ListItem\",\"position\":1,\"name\":\"Accueil\",\"item\":\"https:\/\/www.asadlis-amazigh.com\/fr\/\"},{\"@type\":\"ListItem\",\"position\":2,\"name\":\"Contes berb\\u00e8res chaouis de l&rsquo;Aur\\u00e8s\"}]},{\"@type\":\"Person\",\"@id\":\"https:\/\/www.asadlis-amazigh.com\/fr\/#\/schema\/person\/d22715fc5d247559be71c5d20ea3bf60\",\"name\":\"Bassem ABDI\",\"image\":{\"@type\":\"ImageObject\",\"@id\":\"https:\/\/www.asadlis-amazigh.com\/fr\/#personlogo\",\"inLanguage\":\"fr-FR\",\"url\":\"https:\/\/secure.gravatar.com\/avatar\/8ffe98672269bfcadeea8bb7f8e728b8?s=96&d=mm&r=g\",\"contentUrl\":\"https:\/\/secure.gravatar.com\/avatar\/8ffe98672269bfcadeea8bb7f8e728b8?s=96&d=mm&r=g\",\"caption\":\"Bassem ABDI\"},\"url\":\"https:\/\/www.asadlis-amazigh.com\/fr\/author\/bassem-abdi\/\"}]}<\/script>\n","yoast_head_json":{"title":"Contes berb\u00e8res chaouis de l'Aur\u00e8s | Asadlis Amazigh","description":"Titre :\u00a0Contes berb\u00e8res chaouis de l'Aur\u00e8s\u00a0Auteur :\u00a0Gustave Mercier\u00a0Edition :\u00a0University of Leiden\u00a0Ann\u00e9e :\u00a02002","robots":{"index":"index","follow":"follow","max-snippet":"max-snippet:-1","max-image-preview":"max-image-preview:large","max-video-preview":"max-video-preview:-1"},"canonical":"https:\/\/www.asadlis-amazigh.com\/fr\/contes-berberes-chaouis-de-laures\/","og_locale":"fr_FR","og_type":"article","og_title":"Contes berb\u00e8res chaouis de l'Aur\u00e8s | Asadlis Amazigh","og_description":"Titre :\u00a0Contes berb\u00e8res chaouis de l'Aur\u00e8s\u00a0Auteur :\u00a0Gustave Mercier\u00a0Edition :\u00a0University of Leiden\u00a0Ann\u00e9e :\u00a02002","og_url":"https:\/\/www.asadlis-amazigh.com\/fr\/contes-berberes-chaouis-de-laures\/","og_site_name":"Asadlis Amazigh","article_publisher":"https:\/\/www.facebook.com\/asadlis.amazigh","article_published_time":"2015-11-08T13:14:12+00:00","article_modified_time":"2017-01-24T15:42:28+00:00","og_image":[{"width":660,"height":330,"url":"https:\/\/i0.wp.com\/www.asadlis-amazigh.com\/fr\/wp-content\/uploads\/2016\/01\/Contes-berb\u00e8res-chaouis-de-lAur\u00e8s.jpg?fit=660%2C330&ssl=1","type":"image\/jpeg"}],"twitter_card":"summary","twitter_creator":"@AsadlisAmazigh","twitter_site":"@AsadlisAmazigh","twitter_misc":{"\u00c9crit par":"Bassem ABDI","Dur\u00e9e de lecture estim\u00e9e":"1 minute"},"schema":{"@context":"https:\/\/schema.org","@graph":[{"@type":"WebSite","@id":"https:\/\/www.asadlis-amazigh.com\/fr\/#website","url":"https:\/\/www.asadlis-amazigh.com\/fr\/","name":"Asadlis Amazigh","description":"La biblioth\u00e8que amazighe","potentialAction":[{"@type":"SearchAction","target":{"@type":"EntryPoint","urlTemplate":"https:\/\/www.asadlis-amazigh.com\/fr\/?s={search_term_string}"},"query-input":"required name=search_term_string"}],"inLanguage":"fr-FR"},{"@type":"ImageObject","@id":"https:\/\/www.asadlis-amazigh.com\/fr\/contes-berberes-chaouis-de-laures\/#primaryimage","inLanguage":"fr-FR","url":"https:\/\/i0.wp.com\/www.asadlis-amazigh.com\/fr\/wp-content\/uploads\/2016\/01\/Contes-berb\u00e8res-chaouis-de-lAur\u00e8s.jpg?fit=660%2C330&ssl=1","contentUrl":"https:\/\/i0.wp.com\/www.asadlis-amazigh.com\/fr\/wp-content\/uploads\/2016\/01\/Contes-berb\u00e8res-chaouis-de-lAur\u00e8s.jpg?fit=660%2C330&ssl=1","width":660,"height":330},{"@type":"WebPage","@id":"https:\/\/www.asadlis-amazigh.com\/fr\/contes-berberes-chaouis-de-laures\/#webpage","url":"https:\/\/www.asadlis-amazigh.com\/fr\/contes-berberes-chaouis-de-laures\/","name":"Contes berb\u00e8res chaouis de l'Aur\u00e8s | Asadlis Amazigh","isPartOf":{"@id":"https:\/\/www.asadlis-amazigh.com\/fr\/#website"},"primaryImageOfPage":{"@id":"https:\/\/www.asadlis-amazigh.com\/fr\/contes-berberes-chaouis-de-laures\/#primaryimage"},"datePublished":"2015-11-08T13:14:12+00:00","dateModified":"2017-01-24T15:42:28+00:00","author":{"@id":"https:\/\/www.asadlis-amazigh.com\/fr\/#\/schema\/person\/d22715fc5d247559be71c5d20ea3bf60"},"description":"Titre :\u00a0Contes berb\u00e8res chaouis de l'Aur\u00e8s\u00a0Auteur :\u00a0Gustave Mercier\u00a0Edition :\u00a0University of Leiden\u00a0Ann\u00e9e :\u00a02002","breadcrumb":{"@id":"https:\/\/www.asadlis-amazigh.com\/fr\/contes-berberes-chaouis-de-laures\/#breadcrumb"},"inLanguage":"fr-FR","potentialAction":[{"@type":"ReadAction","target":["https:\/\/www.asadlis-amazigh.com\/fr\/contes-berberes-chaouis-de-laures\/"]}]},{"@type":"BreadcrumbList","@id":"https:\/\/www.asadlis-amazigh.com\/fr\/contes-berberes-chaouis-de-laures\/#breadcrumb","itemListElement":[{"@type":"ListItem","position":1,"name":"Accueil","item":"https:\/\/www.asadlis-amazigh.com\/fr\/"},{"@type":"ListItem","position":2,"name":"Contes berb\u00e8res chaouis de l&rsquo;Aur\u00e8s"}]},{"@type":"Person","@id":"https:\/\/www.asadlis-amazigh.com\/fr\/#\/schema\/person\/d22715fc5d247559be71c5d20ea3bf60","name":"Bassem ABDI","image":{"@type":"ImageObject","@id":"https:\/\/www.asadlis-amazigh.com\/fr\/#personlogo","inLanguage":"fr-FR","url":"https:\/\/secure.gravatar.com\/avatar\/8ffe98672269bfcadeea8bb7f8e728b8?s=96&d=mm&r=g","contentUrl":"https:\/\/secure.gravatar.com\/avatar\/8ffe98672269bfcadeea8bb7f8e728b8?s=96&d=mm&r=g","caption":"Bassem ABDI"},"url":"https:\/\/www.asadlis-amazigh.com\/fr\/author\/bassem-abdi\/"}]}},"jetpack_featured_media_url":"https:\/\/i0.wp.com\/www.asadlis-amazigh.com\/fr\/wp-content\/uploads\/2016\/01\/Contes-berb\u00e8res-chaouis-de-lAur\u00e8s.jpg?fit=660%2C330&ssl=1","jetpack_shortlink":"https:\/\/wp.me\/p77MJL-3u","_links":{"self":[{"href":"https:\/\/www.asadlis-amazigh.com\/fr\/wp-json\/wp\/v2\/posts\/216"}],"collection":[{"href":"https:\/\/www.asadlis-amazigh.com\/fr\/wp-json\/wp\/v2\/posts"}],"about":[{"href":"https:\/\/www.asadlis-amazigh.com\/fr\/wp-json\/wp\/v2\/types\/post"}],"author":[{"embeddable":true,"href":"https:\/\/www.asadlis-amazigh.com\/fr\/wp-json\/wp\/v2\/users\/3"}],"replies":[{"embeddable":true,"href":"https:\/\/www.asadlis-amazigh.com\/fr\/wp-json\/wp\/v2\/comments?post=216"}],"version-history":[{"count":6,"href":"https:\/\/www.asadlis-amazigh.com\/fr\/wp-json\/wp\/v2\/posts\/216\/revisions"}],"predecessor-version":[{"id":1449,"href":"https:\/\/www.asadlis-amazigh.com\/fr\/wp-json\/wp\/v2\/posts\/216\/revisions\/1449"}],"wp:featuredmedia":[{"embeddable":true,"href":"https:\/\/www.asadlis-amazigh.com\/fr\/wp-json\/wp\/v2\/media\/904"}],"wp:attachment":[{"href":"https:\/\/www.asadlis-amazigh.com\/fr\/wp-json\/wp\/v2\/media?parent=216"}],"wp:term":[{"taxonomy":"category","embeddable":true,"href":"https:\/\/www.asadlis-amazigh.com\/fr\/wp-json\/wp\/v2\/categories?post=216"},{"taxonomy":"post_tag","embeddable":true,"href":"https:\/\/www.asadlis-amazigh.com\/fr\/wp-json\/wp\/v2\/tags?post=216"}],"curies":[{"name":"wp","href":"https:\/\/api.w.org\/{rel}","templated":true}]}}